{"id":1429,"date":"2017-05-08T18:39:36","date_gmt":"2017-05-08T16:39:36","guid":{"rendered":"https:\/\/imaxin.com\/1419\/"},"modified":"2017-12-27T09:08:12","modified_gmt":"2017-12-27T08:08:12","slug":"visita-igape-amtega","status":"publish","type":"post","link":"https:\/\/imaxin.com\/gl\/blog\/visita-igape-amtega\/","title":{"rendered":"Visita do Igape e a Amtega"},"content":{"rendered":"<p>[et_pb_section bb_built=&#8221;1&#8243; admin_label=&#8221;section&#8221;][et_pb_row admin_label=&#8221;row&#8221; background_position=&#8221;top_left&#8221; background_repeat=&#8221;repeat&#8221; background_size=&#8221;initial&#8221;][et_pb_column type=&#8221;4_4&#8243;][et_pb_text admin_label=&#8221;Text&#8221; background_layout=&#8221;light&#8221; text_orientation=&#8221;left&#8221; use_border_cor=&#8221;off&#8221; border_cor=&#8221;#ffffff&#8221; border_style=&#8221;solid&#8221; use_border_color=&#8221;off&#8221; border_color=&#8221;#ffffff&#8221; background_position=&#8221;top_left&#8221; background_repeat=&#8221;repeat&#8221; background_size=&#8221;initial&#8221;]<\/p>\n<p>O pasado luns 8 de maio recibimos a visita do\u00a0<span class=\"fckbold\">director do Igape, Juan Cividanes, e da directora da Amtega, Mar Pereira no marco do programa\u00a0Reacciona. A\u00a0trav\u00e9s deste programa, o ano pasado traballamos na\u00a0optimizaci\u00f3n da xesti\u00f3n financeira e agora estamos a desenvolver un servizo de marketing\u00a0dixital a trav\u00e9s do Reacciona TIC.<\/span><\/p>\n<p>Juan Cividanes e\u00a0Mar Pereira, destacaron, durante a s\u00faa visita, o importante papel que est\u00e1n chamadas a desenvolver as empresas TIC, tanto pola s\u00faa relevancia \u00e1 hora de impulsar o crecemento econ\u00f3mico na comunidade, como no seu papel de aceleradoras do proceso de dixitalizaci\u00f3n e mellora da competitividade do tecido empresarial galego. Obxectivos que est\u00e1 a impulsar a Xunta a trav\u00e9s da Axenda Galicia-Industria 4.0 e da Axenda Dixital de Galicia 2020.<\/p>\n<p>Durante a visita\u00a0tivemos a oportunidade de presentar\u00a0ao director do Igape e \u00e1 directora da Amtega as \u00faltimas ferramentas e servizos nos que\u00a0estamos a traballar no \u00e1mbito do procesamento da linguaxe natural (traduci\u00f3n autom\u00e1tica, etiquetadores autom\u00e1ticos, detectores de entidades, etc.) as\u00ed como os produtos educativos e formativos do noso departamento de multimedia.<\/p>\n<p>[\/et_pb_text][\/et_pb_column][\/et_pb_row][\/et_pb_section]<\/p>\n","protected":false},"excerpt":{"rendered":"<p>&nbsp;<\/p>\n","protected":false},"author":1,"featured_media":1962,"comment_status":"open","ping_status":"open","sticky":false,"template":"","format":"standard","meta":{"_et_pb_use_builder":"on","_et_pb_old_content":"","_et_gb_content_width":""},"categories":[25],"tags":[13,28],"_links":{"self":[{"href":"https:\/\/imaxin.com\/gl\/wp-json\/wp\/v2\/posts\/1429"}],"collection":[{"href":"https:\/\/imaxin.com\/gl\/wp-json\/wp\/v2\/posts"}],"about":[{"href":"https:\/\/imaxin.com\/gl\/wp-json\/wp\/v2\/types\/post"}],"author":[{"embeddable":true,"href":"https:\/\/imaxin.com\/gl\/wp-json\/wp\/v2\/users\/1"}],"replies":[{"embeddable":true,"href":"https:\/\/imaxin.com\/gl\/wp-json\/wp\/v2\/comments?post=1429"}],"version-history":[{"count":6,"href":"https:\/\/imaxin.com\/gl\/wp-json\/wp\/v2\/posts\/1429\/revisions"}],"predecessor-version":[{"id":1801,"href":"https:\/\/imaxin.com\/gl\/wp-json\/wp\/v2\/posts\/1429\/revisions\/1801"}],"wp:featuredmedia":[{"embeddable":true,"href":"https:\/\/imaxin.com\/gl\/wp-json\/wp\/v2\/media\/1962"}],"wp:attachment":[{"href":"https:\/\/imaxin.com\/gl\/wp-json\/wp\/v2\/media?parent=1429"}],"wp:term":[{"taxonomy":"category","embeddable":true,"href":"https:\/\/imaxin.com\/gl\/wp-json\/wp\/v2\/categories?post=1429"},{"taxonomy":"post_tag","embeddable":true,"href":"https:\/\/imaxin.com\/gl\/wp-json\/wp\/v2\/tags?post=1429"}],"curies":[{"name":"wp","href":"https:\/\/api.w.org\/{rel}","templated":true}]}}