{"id":2275,"date":"2018-11-28T12:04:56","date_gmt":"2018-11-28T11:04:56","guid":{"rendered":"https:\/\/imaxin.com\/?p=2275"},"modified":"2018-11-28T12:11:57","modified_gmt":"2018-11-28T11:11:57","slug":"proxecto-cadela","status":"publish","type":"post","link":"https:\/\/imaxin.com\/gl\/blog\/proxecto-cadela\/","title":{"rendered":"Proxecto CADELA"},"content":{"rendered":"<p>[et_pb_section bb_built=&#8221;1&#8243;][et_pb_row][et_pb_column type=&#8221;1_3&#8243;][et_pb_image _builder_version=&#8221;3.3.1&#8243; src=&#8221;https:\/\/imaxin.com\/wp-content\/uploads\/2018\/11\/Logo-CADELA.jpg&#8221; \/][\/et_pb_column][et_pb_column type=&#8221;2_3&#8243;][et_pb_text _builder_version=&#8221;3.3.1&#8243;]<\/p>\n<h3>Participamos no proxecto CADELA<\/h3>\n<p><strong>imaxin|<\/strong>software<strong>,<\/strong> participa na agrupaci\u00f3n promotora do proxecto CADELA, liderada por <strong>Serviguide Consultoria <\/strong> e\u00a0constitu\u00edda xunto a <strong>Scio y\u00a0Tecnolog\u00edas Plexus<\/strong>, subvencionado pola Xunta de Galicia, a trav\u00e9s da Axencia Galega de Innovaci\u00f3n, e o fondo FEDER da Uni\u00f3n Europea.<\/p>\n<p>&nbsp;<\/p>\n<p>[\/et_pb_text][\/et_pb_column][\/et_pb_row][et_pb_row][et_pb_column type=&#8221;4_4&#8243;][et_pb_text _builder_version=&#8221;3.3.1&#8243;]<\/p>\n<h4><span lang=\"ES\">Participantes<\/span><\/h4>\n<p>&nbsp;<\/p>\n<p>[\/et_pb_text][et_pb_gallery _builder_version=&#8221;3.3.1&#8243; gallery_ids=&#8221;2252,2258,2260,2262&#8243; show_title_and_caption=&#8221;off&#8221; show_pagination=&#8221;off&#8221; zoom_icon_color=&#8221;#2ea3f2&#8243; hover_overlay_color=&#8221;rgba(255,255,255,0.9)&#8221; \/][et_pb_text _builder_version=&#8221;3.3.1&#8243;]<\/p>\n<h4><span lang=\"ES\">Colaboraci\u00f3ns<\/span><\/h4>\n<p>&nbsp;<\/p>\n<p>[\/et_pb_text][et_pb_gallery _builder_version=&#8221;3.3.1&#8243; zoom_icon_color=&#8221;#2ea3f2&#8243; hover_overlay_color=&#8221;rgba(255,255,255,0.9)&#8221; gallery_ids=&#8221;2242,2244&#8243; posts_number=&#8221;2&#8243; show_title_and_caption=&#8221;off&#8221; show_pagination=&#8221;off&#8221; \/][et_pb_text _builder_version=&#8221;3.3.1&#8243;]<\/p>\n<p>O proxecto <strong>CADELA<\/strong>: <em>Asistente para o di\u00e1logo en linguaxe emp\u00e1tica asistido por ordenador \/ Computer Aided Dialog Empathetic Language Assistant<\/em>\u00a0(IN852A 2018\/36) c\u00e9ntrase na asistencia directa \u00e1 terceira idade por medio do achegamento de novas tecnolox\u00edas no \u00e1mbito da intelixencia e empat\u00eda artificiais, empoderando aos nosos maiores no emprego desta clase de tecnolox\u00edas.<\/p>\n<h4>Obxectivos<\/h4>\n<p>Os obxectivos xerais do proxecto son:<\/p>\n<ol>\n<li>Obtenci\u00f3n dunha <strong>interface voz e procesamiento de linguaxe natural\u00a0<\/strong>por medio do cal o usuario obxectivo poida interaccionar co asistente, empregando a fala na s\u00faa lingua materna coma principal canle de comunicaci\u00f3n.<\/li>\n<li>Desenvolver o motor que permitir\u00e1 estruturar os di\u00e1logos e respostas do asistente en funci\u00f3n dos inputs de voz recibidos, se codificar\u00e1 unha interface de visualizaci\u00f3n de contidos e se implementar\u00e1n as <strong>capacidades de Empat\u00eda Artificial\u00a0<\/strong>que achegan (a nivel emocional) a soluci\u00f3n tecnol\u00f3xica ao seu usuario obxectivo, modulando os di\u00e1logos a partir da an\u00e1lise do sentimento e emoci\u00f3ns do usuario (inputs contextuales).<\/li>\n<li>Definir a <strong>informaci\u00f3n provista polo asistente<\/strong>, atendendo \u00e1s necesidades do seu usuario e os datos que puidesen resultar a leste de interese, xa sexa na li\u00f1a do envellecemento activo ou nun apartado m\u00e1is vinculado ao lecer e esparexemento persoal.<\/li>\n<li>Conformar o<strong> hardware que dar\u00e1 soporte \u00e1s funcionalidades do asistente e<\/strong>\u00a0permitir\u00e1 a instalaci\u00f3n e integraci\u00f3n funcional dos programas e m\u00f3dulos software desenvolvidos nos anteriores paquetes de traballo.<\/li>\n<\/ol>\n<h2>Retos asumidos<\/h2>\n<p>Os retos cient\u00edfico-t\u00e9cnicos a abordar por <strong>imaxin<\/strong>|software dentro do proxecto CADELA son o desenvolvemento dun &#8220;Chatterbot&#8221; avanzado, con capacidades biling\u00fce (castel\u00e1n e galego) e de reco\u00f1ecemento de voz, adaptado ao contexto da terceira idade e complementado con funci\u00f3ns de an\u00e1lises e proxecci\u00f3n emp\u00e1tica, de maneira que permita a interacci\u00f3n por voz co seu usuario e achegue o desenvolvemento t\u00e9cnico realizado a nivel emocional ao mesmo usuario.<\/p>\n<p><em>Axuda concedida: 80.012,61 EUR<\/em><\/p>\n<p>[\/et_pb_text][et_pb_text _builder_version=&#8221;3.3.1&#8243;]<\/p>\n<h4>Subvencionado por<\/h4>\n<p>&nbsp;<\/p>\n<p>[\/et_pb_text][et_pb_image _builder_version=&#8221;3.3.1&#8243; src=&#8221;https:\/\/imaxin.com\/wp-content\/uploads\/2018\/11\/logos_gain-feder.png&#8221; \/][\/et_pb_column][\/et_pb_row][\/et_pb_section]<\/p>\n","protected":false},"excerpt":{"rendered":"<p>[et_pb_section bb_built=&#8221;1&#8243;][et_pb_row][et_pb_column type=&#8221;1_3&#8243;][et_pb_image _builder_version=&#8221;3.3.1&#8243; src=&#8221;https:\/\/imaxin.com\/wp-content\/uploads\/2018\/11\/Logo-CADELA.jpg&#8221; \/][\/et_pb_column][et_pb_column type=&#8221;2_3&#8243;][et_pb_text _builder_version=&#8221;3.3.1&#8243;] Participamos no proxecto CADELA imaxin|software, participa na agrupaci\u00f3n promotora do proxecto CADELA, liderada por Serviguide Consultoria e\u00a0constitu\u00edda xunto a Scio y\u00a0Tecnolog\u00edas Plexus, subvencionado pola Xunta de Galicia, a trav\u00e9s da Axencia Galega de Innovaci\u00f3n, e o fondo FEDER da Uni\u00f3n Europea. &nbsp; [\/et_pb_text][\/et_pb_column][\/et_pb_row][et_pb_row][et_pb_column type=&#8221;4_4&#8243;][et_pb_text _builder_version=&#8221;3.3.1&#8243;] Participantes &nbsp; [&hellip;]<\/p>\n","protected":false},"author":1,"featured_media":2274,"comment_status":"open","ping_status":"open","sticky":false,"template":"","format":"standard","meta":{"_et_pb_use_builder":"on","_et_pb_old_content":"","_et_gb_content_width":""},"categories":[25,19],"tags":[],"_links":{"self":[{"href":"https:\/\/imaxin.com\/gl\/wp-json\/wp\/v2\/posts\/2275"}],"collection":[{"href":"https:\/\/imaxin.com\/gl\/wp-json\/wp\/v2\/posts"}],"about":[{"href":"https:\/\/imaxin.com\/gl\/wp-json\/wp\/v2\/types\/post"}],"author":[{"embeddable":true,"href":"https:\/\/imaxin.com\/gl\/wp-json\/wp\/v2\/users\/1"}],"replies":[{"embeddable":true,"href":"https:\/\/imaxin.com\/gl\/wp-json\/wp\/v2\/comments?post=2275"}],"version-history":[{"count":2,"href":"https:\/\/imaxin.com\/gl\/wp-json\/wp\/v2\/posts\/2275\/revisions"}],"predecessor-version":[{"id":2277,"href":"https:\/\/imaxin.com\/gl\/wp-json\/wp\/v2\/posts\/2275\/revisions\/2277"}],"wp:featuredmedia":[{"embeddable":true,"href":"https:\/\/imaxin.com\/gl\/wp-json\/wp\/v2\/media\/2274"}],"wp:attachment":[{"href":"https:\/\/imaxin.com\/gl\/wp-json\/wp\/v2\/media?parent=2275"}],"wp:term":[{"taxonomy":"category","embeddable":true,"href":"https:\/\/imaxin.com\/gl\/wp-json\/wp\/v2\/categories?post=2275"},{"taxonomy":"post_tag","embeddable":true,"href":"https:\/\/imaxin.com\/gl\/wp-json\/wp\/v2\/tags?post=2275"}],"curies":[{"name":"wp","href":"https:\/\/api.w.org\/{rel}","templated":true}]}}