{"id":2820,"date":"2023-02-26T13:47:37","date_gmt":"2023-02-26T12:47:37","guid":{"rendered":"https:\/\/imaxin.com\/?p=2820"},"modified":"2023-02-26T13:47:37","modified_gmt":"2023-02-26T12:47:37","slug":"imaxinsoftware-desenvolvera-un-proxecto-de-analise-de-ferramentas-pln-co-apoio-da-european-language-equality","status":"publish","type":"post","link":"https:\/\/imaxin.com\/gl\/blog\/imaxinsoftware-desenvolvera-un-proxecto-de-analise-de-ferramentas-pln-co-apoio-da-european-language-equality\/","title":{"rendered":"imaxin|software desenvolver\u00e1 un proxecto de an\u00e1lise de ferramentas PLN co apoio da European Language Equality"},"content":{"rendered":"<p>[et_pb_section fb_built=&#8221;1&#8243; _builder_version=&#8221;4.19.1&#8243; hover_enabled=&#8221;0&#8243; global_colors_info=&#8221;{}&#8221; sticky_enabled=&#8221;0&#8243;][et_pb_row _builder_version=&#8221;4.16&#8243; background_size=&#8221;initial&#8221; background_position=&#8221;top_left&#8221; background_repeat=&#8221;repeat&#8221; global_colors_info=&#8221;{}&#8221;][et_pb_column type=&#8221;4_4&#8243; _builder_version=&#8221;4.16&#8243; custom_padding=&#8221;|||&#8221; global_colors_info=&#8221;{}&#8221; custom_padding__hover=&#8221;|||&#8221;][et_pb_text _builder_version=&#8221;4.16&#8243; background_size=&#8221;initial&#8221; background_position=&#8221;top_left&#8221; background_repeat=&#8221;repeat&#8221; global_colors_info=&#8221;{}&#8221;]<!-- divi:paragraph --><\/p>\n<p>A <em><a href=\"https:\/\/european-language-equality.eu\/\">European Language Equality<\/a><\/em> \u00e9 un consorcio que traballa pola igualdade ling\u00fc\u00edstica dixital dos 24 idiomas oficiais da Uni\u00f3n Europea e das outras 60 linguas minorizadas que se falan nela. Co apoio de <strong>fondos europeos<\/strong>, e no marco da s\u00faa estratexia ELE e ELE2, lanzou unha convocatoria a finais de 2022 para financiar distintos proxectos europeos con SRIA (<em>Strategic research, innovation and implementation agenda<\/em>), destinada a establecer o marco de investigaci\u00f3n, innovaci\u00f3n e traballo futuro para <strong>acadar a igualdade dixital de todas as linguas europeas de cara a 2030<\/strong>.<br \/>&nbsp;<br \/>En<strong> imaxin|<\/strong>software present\u00e1monos a esta chamada de proxectos e <strong>conced\u00e9ronnolo<\/strong>. Estamos a empezar a traballar nun sistema que lle permita a investigadores de <strong>calquera lingua<\/strong> reco\u00f1ecer a analizar cales son os recursos e as ferramentas b\u00e1sicas que precisa para desenvolver calquera tarefa de procesamento de linguaxe natural (PLN) ou emular os modelos que actualmente ocupan o estado da arte.<br \/>&nbsp;<br \/>O noso traballo, titulado <em>A BLARK for minority languages in the era of deep learning: academia and industry<\/em>, c\u00e9ntrase no caso do galego desde d\u00faas perspectivas. Por un lado, a da industria, representado pola nosa compa\u00f1\u00eda, e por outro, a da investigaci\u00f3n, representada polo Proxecto N\u00f3s da Xunta de Galicia. Ao sumar a experiencia de N\u00f3s na recompilaci\u00f3n de datos para o galego ou para a creaci\u00f3n de modelos de investigaci\u00f3n coa experiencia de <strong>imaxin|<\/strong>software no desenvolvemento de ferramentas en linguas minoritarias para clientes finais, o exemplo da nosa lingua servir\u00e1 para calquera outra do mundo e, moi especialmente, para calquera que figure na Axenda 2030.<br \/>&nbsp;<br \/>SRIA recibiu 36 propostas de 15 pa\u00edses que foron avaliadas por un grupo de expertos. As nove ideas seleccionadas incl\u00faen proxectos das Universidades de Tilburg, Zagreb ou Gent, e entidades como <em>Pangeanic<\/em>, o <em>Institut for Bulgarian Language<\/em>, o <em>Research Institute for Artificial Intelligence<\/em> de Roman\u00eda. Outra empresa galega, <em>Balidea<\/em>, tam\u00e9n acadou financiamento.<br \/>&nbsp;<br \/>Este proxecto s\u00famase a outras iniciativas de <strong>imaxin|<\/strong>software no \u00e1mbito do PLN e do desenvolvemento de ferramentas ling\u00fc\u00edsticas como tradutores autom\u00e1ticos, \u00e1mbitos nos que somos pioneiros en Galicia.<\/p>\n<p><!-- \/divi:paragraph -->[\/et_pb_text][\/et_pb_column][\/et_pb_row][\/et_pb_section]<\/p>\n","protected":false},"excerpt":{"rendered":"<p>[et_pb_section fb_built=&#8221;1&#8243; _builder_version=&#8221;4.19.1&#8243; hover_enabled=&#8221;0&#8243; global_colors_info=&#8221;{}&#8221; sticky_enabled=&#8221;0&#8243;][et_pb_row _builder_version=&#8221;4.16&#8243; background_size=&#8221;initial&#8221; background_position=&#8221;top_left&#8221; background_repeat=&#8221;repeat&#8221; global_colors_info=&#8221;{}&#8221;][et_pb_column type=&#8221;4_4&#8243; _builder_version=&#8221;4.16&#8243; custom_padding=&#8221;|||&#8221; global_colors_info=&#8221;{}&#8221; custom_padding__hover=&#8221;|||&#8221;][et_pb_text _builder_version=&#8221;4.16&#8243; background_size=&#8221;initial&#8221; background_position=&#8221;top_left&#8221; background_repeat=&#8221;repeat&#8221; global_colors_info=&#8221;{}&#8221;] A European Language Equality \u00e9 un consorcio que traballa pola igualdade ling\u00fc\u00edstica dixital dos 24 idiomas oficiais da Uni\u00f3n Europea e das outras 60 linguas minorizadas que se falan nela. Co apoio de fondos [&hellip;]<\/p>\n","protected":false},"author":1,"featured_media":2814,"comment_status":"closed","ping_status":"open","sticky":false,"template":"","format":"standard","meta":{"_et_pb_use_builder":"on","_et_pb_old_content":"<!-- wp:paragraph -->\n<p>A <em><a href=\"https:\/\/european-language-equality.eu\/\">European Language Equality<\/a><\/em> \u00e9 un consorcio que traballa pola igualdade ling\u00fc\u00edstica dixital dos 24 idiomas oficiais da Uni\u00f3n Europea e das outras 60 linguas minorizadas que se falan nela. Co apoio de <strong>fondos europeos<\/strong>, e no marco da s\u00faa estratexia ELE e ELE2, lanzou unha convocatoria a finais de 2022 para financiar distintos proxectos europeos con SRIA (<em>Strategic research, innovation and implementation agenda<\/em>), destinada a establecer o marco de investigaci\u00f3n, innovaci\u00f3n e traballo futuro para <strong>acadar a igualdade dixital de todas as linguas europeas de cara a 2030<\/strong>.<br>&nbsp;<br>En<strong> imaxin|<\/strong>software present\u00e1monos a esta chamada de proxectos e <strong>conced\u00e9ronnolo<\/strong>. Estamos a empezar a traballar nun sistema que lle permita a investigadores de <strong>calquera lingua<\/strong> reco\u00f1ecer a analizar cales son os recursos e as ferramentas b\u00e1sicas que precisa para desenvolver calquera tarefa de procesamento de linguaxe natural (PLN) ou emular os modelos que actualmente ocupan o estado da arte.<br>&nbsp;<br>O noso traballo, titulado <em>A BLARK for minority languages in the era of deep learning: academia and industry<\/em>, c\u00e9ntrase no caso do galego desde d\u00faas perspectivas. Por un lado, a da industria, representado pola nosa compa\u00f1\u00eda, e por outro, a da investigaci\u00f3n, representada polo Proxecto N\u00f3s da Xunta de Galicia. Ao sumar a experiencia de N\u00f3s na recompilaci\u00f3n de datos para o galego ou para a creaci\u00f3n de modelos de investigaci\u00f3n coa experiencia de <strong>imaxin|<\/strong>software no desenvolvemento de ferramentas en linguas minoritarias para clientes finais, o exemplo da nosa lingua servir\u00e1 para calquera outra do mundo e, moi especialmente, para calquera que figure na Axenda 2030.<br>&nbsp;<br>SRIA recibiu 36 propostas de 15 pa\u00edses que foron avaliadas por un grupo de expertos. As nove ideas seleccionadas incl\u00faen proxectos das Universidades de Tilburg, Zagreb ou Gent, e entidades como <em>Pangeanic<\/em>, o <em>Institut for Bulgarian Language<\/em>, o <em>Research Institute for Artificial Intelligence<\/em> de Roman\u00eda. Outra empresa galega, <em>Balidea<\/em>, tam\u00e9n acadou financiamento.<br>&nbsp;<br>Este proxecto s\u00famase a outras iniciativas de <strong>imaxin|<\/strong>software no \u00e1mbito do PLN e do desenvolvemento de ferramentas ling\u00fc\u00edsticas como tradutores autom\u00e1ticos, \u00e1mbitos nos que somos pioneiros en Galicia.<\/p>\n<!-- \/wp:paragraph -->","_et_gb_content_width":""},"categories":[25,38,19,62],"tags":[],"_links":{"self":[{"href":"https:\/\/imaxin.com\/gl\/wp-json\/wp\/v2\/posts\/2820"}],"collection":[{"href":"https:\/\/imaxin.com\/gl\/wp-json\/wp\/v2\/posts"}],"about":[{"href":"https:\/\/imaxin.com\/gl\/wp-json\/wp\/v2\/types\/post"}],"author":[{"embeddable":true,"href":"https:\/\/imaxin.com\/gl\/wp-json\/wp\/v2\/users\/1"}],"replies":[{"embeddable":true,"href":"https:\/\/imaxin.com\/gl\/wp-json\/wp\/v2\/comments?post=2820"}],"version-history":[{"count":7,"href":"https:\/\/imaxin.com\/gl\/wp-json\/wp\/v2\/posts\/2820\/revisions"}],"predecessor-version":[{"id":2827,"href":"https:\/\/imaxin.com\/gl\/wp-json\/wp\/v2\/posts\/2820\/revisions\/2827"}],"wp:featuredmedia":[{"embeddable":true,"href":"https:\/\/imaxin.com\/gl\/wp-json\/wp\/v2\/media\/2814"}],"wp:attachment":[{"href":"https:\/\/imaxin.com\/gl\/wp-json\/wp\/v2\/media?parent=2820"}],"wp:term":[{"taxonomy":"category","embeddable":true,"href":"https:\/\/imaxin.com\/gl\/wp-json\/wp\/v2\/categories?post=2820"},{"taxonomy":"post_tag","embeddable":true,"href":"https:\/\/imaxin.com\/gl\/wp-json\/wp\/v2\/tags?post=2820"}],"curies":[{"name":"wp","href":"https:\/\/api.w.org\/{rel}","templated":true}]}}