{"id":2857,"date":"2023-06-20T16:58:24","date_gmt":"2023-06-20T14:58:24","guid":{"rendered":"https:\/\/imaxin.com\/estado-do-proxecto-coperia-a-abril-de-2023\/"},"modified":"2023-06-20T17:03:21","modified_gmt":"2023-06-20T15:03:21","slug":"estado-do-proxecto-coperia-a-abril-de-2023","status":"publish","type":"post","link":"https:\/\/imaxin.com\/gl\/blog\/estado-do-proxecto-coperia-a-abril-de-2023\/","title":{"rendered":"Estado do proxecto COPERIA a abril de 2023"},"content":{"rendered":"<p>[et_pb_section fb_built=&#8221;1&#8243; admin_label=&#8221;section&#8221; _builder_version=&#8221;4.16&#8243; global_colors_info=&#8221;{}&#8221;][et_pb_row admin_label=&#8221;row&#8221; _builder_version=&#8221;4.16&#8243; background_size=&#8221;initial&#8221; background_position=&#8221;top_left&#8221; background_repeat=&#8221;repeat&#8221; global_colors_info=&#8221;{}&#8221;][et_pb_column type=&#8221;4_4&#8243; _builder_version=&#8221;4.16&#8243; custom_padding=&#8221;|||&#8221; global_colors_info=&#8221;{}&#8221; custom_padding__hover=&#8221;|||&#8221;][et_pb_text admin_label=&#8221;Text&#8221; _builder_version=&#8221;4.19.1&#8243; background_size=&#8221;initial&#8221; background_position=&#8221;top_left&#8221; background_repeat=&#8221;repeat&#8221; hover_enabled=&#8221;0&#8243; global_colors_info=&#8221;{}&#8221; sticky_enabled=&#8221;0&#8243;]<\/p>\n<p><strong>Programa Conecta COVID IN852D 2021\/20<\/strong><\/p>\n<p>Axuda concedida ao amparo da resoluci\u00f3n do 3 de decembro de 2021 pola que se conceden as axudas do programa Conecta COVID para proxectos de I+D+i relacionados coa COVID-19 que favorezan a recuperaci\u00f3n e a transici\u00f3n dixital das pemes galegas, cofinanciadas polo Fondo Europeo de Desenvolvemento Rexional (FEDER) da Uni\u00f3n Europea dentro do programa operativo FEDER Galicia 2014-2020 (c\u00f3digo de procedemento IN852D 2021\/20). As axudas conced\u00e9ronse como parte da resposta da Uni\u00f3n Europea \u00e1 pandemia de COVID-19. Subvencionado pola Axencia Galega de Innovaci\u00f3n. Financiado con cargo a fondos FEDER. O proxecto foi apoiado pola Vicepresidencia Segunda e Conseller\u00eda de Econom\u00eda, Empresa e Innovaci\u00f3n.<\/p>\n<p>Desde o inicio do proxecto COPERIA, co apoio da Xunta de Galicia e a Axencia Galega de Innovaci\u00f3n (GAIN) como parte da resposta europea \u00e1 pandemia de COVID-19 mediante unha cofinanciaci\u00f3n con fondos FEDER no marco do eixo REACT-UE, pasaron xa 18 meses nos que os diferentes socios do proxecto traballaron no despregamento das ferramentas de rehabilitaci\u00f3n f\u00edsica e cognitiva e o adestramento de modelos de Intelixencia Artificial para a estratificaci\u00f3n de pacientes e a detecci\u00f3n de brotes.<\/p>\n<p>Os resultados m\u00e1is importantes durante este nove meses foron os seguintes:<\/p>\n<ul>\n<li>Aprobaci\u00f3n definitiva dos ensaios cl\u00ednicos do proxecto COPERIA: DICOPERIA (Diagn\u00f3stico diferencial de COvid Persistente por medio de Intelixencia Artificial), COPERIA-REHAB (Rehabilitaci\u00f3n f\u00edsica e respiratoria para pacientes con COVID Persistente) e COPERIA-COG (Programa de rehabilitaci\u00f3n cognitiva online para pacientes con COVID Persistente).<\/li>\n<li>Comezo dos ensaios cl\u00ednicos en outubro de 2022, con 7 meses de atraso fronte \u00e1 data prevista inicialmente. Os ensaios foron completados satisfactoriamente antes da finalizaci\u00f3n do proxecto. Os resultados dos ensaios est\u00e1n a ser analizados polos profesionais cl\u00ednicos participantes en COPERIA co fin de determinar se as propostas de rehabilitaci\u00f3n f\u00edsica e cognitiva conseguiron unha mellora significativa no estado dos pacientes en comparaci\u00f3n co seu estado ao iniciar o ensaio.<\/li>\n<li>Finalizaci\u00f3n do desenvolvemento da plataforma COPERIA e despregamento nos servizos na nube de Amazon (AWS), que aloxar\u00e1 o nodo central da plataforma. As\u00ed mesmo, desenvolv\u00e9ronse aplicaci\u00f3ns m\u00f3biles (iOS e Android) para que os pacientes poidan conectarse desde calquera lugar e realizar os exercicios de rehabilitaci\u00f3n f\u00edsica ou cognitiva pautados. A aplicaci\u00f3n conta tam\u00e9n con mecanismos de comunicaci\u00f3n entre pacientes e persoal cl\u00ednico e unha serie de contidos de sa\u00fade para empoderamiento de pacientes. A plataforma cont\u00e9n un m\u00f3dulo de anal\u00edtica de datos que permitir\u00e1 analizar os eventos rexistrados usando t\u00e9cnicas baseadas en Business Intelligence (BI), miner\u00eda de datos e Intelixencia Artificial (IA).<\/li>\n<li>Desenvolvemento de algoritmos IA para a predici\u00f3n de que un paciente desenvolva COVID persistente tras unha infecci\u00f3n por SARS-CoV 2 a partir da an\u00e1lise dun conxunto de variables cl\u00ednicas que se extraen do paciente da forma menos intrusiva posible. Estes sinais permiten realizar a an\u00e1lise duns conxunto factores tales como: tensi\u00f3n, ansiedade, fatiga, so\u00f1o, factores card\u00edacos, factores psicol\u00f3xicos? xa que estes evidenci\u00e1ronse como s\u00edntomas que presentan pacientes con COVID persistente. As variables m\u00e1is interesantes para a detecci\u00f3n do COVID persistente foron os sinais de voz, variabilidade card\u00edaca e condutividade d\u00e9rmica (sudoraci\u00f3n), obtendo resultados prometedores na discriminaci\u00f3n de pacientes que poden sufrir esta enfermidade cun alto grao de certeza.<\/li>\n<li>Desenvolvemento de algoritmos IA para a detecci\u00f3n de brotes incapacitantes tras a realizaci\u00f3n de esforzos significativos para o paciente. Mediante o seguimento dos pacientes durante as s\u00faas sesi\u00f3ns de rehabilitaci\u00f3n f\u00edsica est\u00e1 a xerarse un algoritmo que trate de predicir, mediante o esforzo realizado e as variables tomadas ao paciente durante a realizaci\u00f3n do exercicio, se este ten unha probabilidade alta de desenvolver un brote incapacitante no futuro.<\/li>\n<li>Contidos para empoderamiento de paciente. Coa colaboraci\u00f3n dos profesionais cl\u00ednicos da FBGS, Ba\u00eda Software e <strong>imaxin<\/strong>|software desenvolveron unha serie de contidos de sa\u00fade en base a gu\u00edas cl\u00ednicas actualizadas e validadas cientificamente. Os consellos div\u00eddense en recomendaci\u00f3ns xerais de sa\u00fade, hixiene do so\u00f1o, nutrici\u00f3n, dieta e tratamento da tensi\u00f3n do paciente mediante terapia cognitiva baseada en mindfulness.<\/li>\n<li>Desenvolvemento de m\u00f3dulos de rehabilitaci\u00f3n f\u00edsica: Desenvolveuse un protocolo de rehabilitaci\u00f3n online por parte de 10 Mets S.L. a trav\u00e9s da plataforma COPERIA supervisado por profesionais de rehabilitaci\u00f3n f\u00edsica de 8 semanas de duraci\u00f3n. As sesi\u00f3ns conte\u00f1en tarefas de traballo respiratorio, cardiovascular, de forza e de flexibilidade. Os programas est\u00e1n completamente adaptados \u00e1s capacidades do paciente e real\u00edzanse en continua comunicaci\u00f3n con este e os seus facultativos.<\/li>\n<li>Desenvolvemento de m\u00f3dulos de rehabilitaci\u00f3n cognitiva: Entre as consecuencias da COVID persistente incl\u00faese un aumento de s\u00edntomas neurol\u00f3gicos como fatiga muscular, vertixe, insomnio, confusi\u00f3n, etc. Por iso, en <strong>imaxin<\/strong>|software desenvolveuse un programa de rehabilitaci\u00f3n cognitiva baseado en serious games con tem\u00e1ticas entretidas que permiten recuperar as habilidades cognitivas perdidas polos pacientes do ensaio a trav\u00e9s de mec\u00e1nicas e tem\u00e1ticas entretidas que motiven ao paciente no proceso.<\/li>\n<\/ul>\n<p>[\/et_pb_text][\/et_pb_column][\/et_pb_row][\/et_pb_section]<\/p>\n","protected":false},"excerpt":{"rendered":"<p>\u00a0&nbsp;<\/p>\n","protected":false},"author":1,"featured_media":2713,"comment_status":"closed","ping_status":"open","sticky":false,"template":"","format":"standard","meta":{"_et_pb_use_builder":"on","_et_pb_old_content":"","_et_gb_content_width":""},"categories":[19,3,48],"tags":[],"_links":{"self":[{"href":"https:\/\/imaxin.com\/gl\/wp-json\/wp\/v2\/posts\/2857"}],"collection":[{"href":"https:\/\/imaxin.com\/gl\/wp-json\/wp\/v2\/posts"}],"about":[{"href":"https:\/\/imaxin.com\/gl\/wp-json\/wp\/v2\/types\/post"}],"author":[{"embeddable":true,"href":"https:\/\/imaxin.com\/gl\/wp-json\/wp\/v2\/users\/1"}],"replies":[{"embeddable":true,"href":"https:\/\/imaxin.com\/gl\/wp-json\/wp\/v2\/comments?post=2857"}],"version-history":[{"count":4,"href":"https:\/\/imaxin.com\/gl\/wp-json\/wp\/v2\/posts\/2857\/revisions"}],"predecessor-version":[{"id":2862,"href":"https:\/\/imaxin.com\/gl\/wp-json\/wp\/v2\/posts\/2857\/revisions\/2862"}],"wp:featuredmedia":[{"embeddable":true,"href":"https:\/\/imaxin.com\/gl\/wp-json\/wp\/v2\/media\/2713"}],"wp:attachment":[{"href":"https:\/\/imaxin.com\/gl\/wp-json\/wp\/v2\/media?parent=2857"}],"wp:term":[{"taxonomy":"category","embeddable":true,"href":"https:\/\/imaxin.com\/gl\/wp-json\/wp\/v2\/categories?post=2857"},{"taxonomy":"post_tag","embeddable":true,"href":"https:\/\/imaxin.com\/gl\/wp-json\/wp\/v2\/tags?post=2857"}],"curies":[{"name":"wp","href":"https:\/\/api.w.org\/{rel}","templated":true}]}}