{"id":3898,"date":"2025-12-03T18:08:30","date_gmt":"2025-12-03T17:08:30","guid":{"rendered":"https:\/\/imaxin.com\/?p=3898"},"modified":"2025-12-04T14:02:16","modified_gmt":"2025-12-04T13:02:16","slug":"imaxin-presenta-un-sistema-que-usa-intelixencia-artificial-para-facer-mais-accesible-a-informacion-publica","status":"publish","type":"post","link":"https:\/\/imaxin.com\/gl\/blog\/imaxin-presenta-un-sistema-que-usa-intelixencia-artificial-para-facer-mais-accesible-a-informacion-publica\/","title":{"rendered":"imaxin presenta un sistema que usa intelixencia artificial para facer m\u00e1is accesible a informaci\u00f3n p\u00fablica"},"content":{"rendered":"<p>[et_pb_section fb_built=&#8221;1&#8243; _builder_version=&#8221;4.19.1&#8243; _module_preset=&#8221;default&#8221; min_height=&#8221;860.3px&#8221; custom_margin=&#8221;||10px||false|false&#8221; custom_padding=&#8221;21px||0px|||&#8221; global_colors_info=&#8221;{}&#8221;][et_pb_row _builder_version=&#8221;4.19.1&#8243; _module_preset=&#8221;default&#8221; min_height=&#8221;479.7px&#8221; custom_margin=&#8221;0px||||false|false&#8221; custom_padding=&#8221;0px||||false|false&#8221; global_colors_info=&#8221;{}&#8221;][et_pb_column type=&#8221;4_4&#8243; _builder_version=&#8221;4.19.1&#8243; _module_preset=&#8221;default&#8221; global_colors_info=&#8221;{}&#8221;][et_pb_button button_url=&#8221;https:\/\/events.teams.microsoft.com\/event\/18ae9151-c526-41e8-9570-39bc0aa12f63@6650de8c-77f6-433f-8a27-4049cd5340b2&#8243; url_new_window=&#8221;on&#8221; button_text=&#8221;Rexistrarse no evento&#8221; button_alignment=&#8221;right&#8221; admin_label=&#8221;Bot\u00f3n&#8221; _builder_version=&#8221;4.19.1&#8243; _module_preset=&#8221;default&#8221; global_colors_info=&#8221;{}&#8221;][\/et_pb_button][et_pb_text _builder_version=&#8221;4.19.1&#8243; _module_preset=&#8221;default&#8221; text_font=&#8221;Arial||||||||&#8221; hover_enabled=&#8221;0&#8243; custom_css_main_element=&#8221;||&#8221; global_colors_info=&#8221;{}&#8221; sticky_enabled=&#8221;0&#8243;]<\/p>\n<h3>Que \u00e9 Lynx?<\/h3>\n<p>Lynx \u00e9 unha soluci\u00f3n baseada en intelixencia artificial e t\u00e9cnicas de <strong>Xeraci\u00f3n Aumentada por Recuperaci\u00f3n<\/strong> (<strong>RAG<\/strong>, polas s\u00faas siglas en ingl\u00e9s) que permite acceder de forma m\u00e1is comprensible e precisa \u00e1 informaci\u00f3n p\u00fablica. O sistema est\u00e1 pensado para facilitar a consulta de normativas, bolet\u00edns oficiais ou contidos informativos tanto por parte da cidadan\u00eda como dos propios empregados p\u00fablicos ou profesionais dos medios.<\/p>\n<h3>Obxectivos da xornada<\/h3>\n<ul>\n<li style=\"margin-left: 20px;\">Explicaremos que \u00e9 un sistema RAG e como funciona.<\/li>\n<li style=\"margin-left: 20px;\">Veremos os retos que sup\u00f3n constru\u00edr un asistente intelixente fiable.<\/li>\n<li style=\"margin-left: 20px;\">Presentaremos o estado actual do proxecto Lynx.<\/li>\n<li style=\"margin-left: 20px;\">Amosaremos unha demostraci\u00f3n real consultando o DOG.<\/li>\n<li style=\"margin-left: 20px;\">Analizaremos casos de uso para administraci\u00f3ns e medios.<\/li>\n<\/ul>\n<h3>A quen vai dirixido<\/h3>\n<p>T\u00e9cnicos\/as, responsables de innovaci\u00f3n, comunicaci\u00f3n, arquivo, transformaci\u00f3n dixital ou atenci\u00f3n cidad\u00e1 en administraci\u00f3ns p\u00fablicas e medios de comunicaci\u00f3n.<\/p>\n<h3>Por que asistir<\/h3>\n<ul>\n<li style=\"margin-left: 20px;\">Co\u00f1ecer\u00e1s unha tecnolox\u00eda en crecemento que xa est\u00e1n explorando instituci\u00f3ns de renome.<\/li>\n<li style=\"margin-left: 20px;\">Ver\u00e1s aplicaci\u00f3ns reais e pr\u00e1cticas sobre como aproveitar a IA para mellorar servizos p\u00fablicos.<\/li>\n<li style=\"margin-left: 20px;\">Poder\u00e1s valorar a viabilidade de integrar unha soluci\u00f3n como Lynx na t\u00faa organizaci\u00f3n.<\/li>\n<\/ul>\n<h3>Organiza<\/h3>\n<p><img decoding=\"async\" loading=\"lazy\" src=\"https:\/\/imaxin.com\/wp-content\/uploads\/2025\/05\/imaxin_logotipo_positivo_rgb_sen_marxe-300x77.png\" width=\"50\" height=\"13\" alt=\"\" class=\"wp-image-3220 alignnone size-medium\" \/>, empresa galega con m\u00e1is de 25 anos de experiencia en tecnolox\u00edas de linguaxe, localizaci\u00f3n e intelixencia artificial.<\/p>\n<h3>Proxecto subvencionado<\/h3>\n<p><strong data-start=\"1007\" data-end=\"1085\">Lynx <\/strong>forma parte das iniciativas apoiadas pola<strong data-start=\"1007\" data-end=\"1085\"> convocatoria IA360 do Igape<\/strong>, con financiamento do Plan de Recuperaci\u00f3n, Transformaci\u00f3n e Resiliencia \u2013 NextGenerationEU..<\/p>\n<p>Esta operaci\u00f3n cofin\u00e1nciase nun 25 % mediante fondos propios da comunidade aut\u00f3noma de Galicia e nun 75 % con fondos do Mecanismo de Recuperaci\u00f3n e Resiliencia (MRR) dentro do Plan de Recuperaci\u00f3n, Transformaci\u00f3n e Resiliencia, financiado pola Uni\u00f3n Europea &#8211; NextGenerationEU, no marco do compo\u00f1ente 16, Estratexia Nacional de Intelixencia Artificial (ENIA).<\/p>\n<p><img decoding=\"async\" loading=\"lazy\" src=\"https:\/\/imaxin.com\/wp-content\/uploads\/2025\/11\/logos_Igape_UENext_Ministerio_PlanRecuperacion.jpg\" width=\"775\" height=\"150\" alt=\"\" class=\"wp-image-3698 alignnone size-full\" srcset=\"https:\/\/imaxin.com\/wp-content\/uploads\/2025\/11\/logos_Igape_UENext_Ministerio_PlanRecuperacion.jpg 775w, https:\/\/imaxin.com\/wp-content\/uploads\/2025\/11\/logos_Igape_UENext_Ministerio_PlanRecuperacion-480x93.jpg 480w\" sizes=\"(min-width: 0px) and (max-width: 480px) 480px, (min-width: 481px) 775px, 100vw\" \/><\/p>\n<p>[\/et_pb_text][\/et_pb_column][\/et_pb_row][\/et_pb_section]<\/p>\n","protected":false},"excerpt":{"rendered":"<p>Que \u00e9 Lynx? Lynx \u00e9 unha soluci\u00f3n baseada en intelixencia artificial e t\u00e9cnicas de Xeraci\u00f3n Aumentada por Recuperaci\u00f3n (RAG, polas s\u00faas siglas en ingl\u00e9s) que permite acceder de forma m\u00e1is comprensible e precisa \u00e1 informaci\u00f3n p\u00fablica. O sistema est\u00e1 pensado para facilitar a consulta de normativas, bolet\u00edns oficiais ou contidos informativos tanto por parte da [&hellip;]<\/p>\n","protected":false},"author":1,"featured_media":3921,"comment_status":"closed","ping_status":"open","sticky":false,"template":"","format":"standard","meta":{"_et_pb_use_builder":"on","_et_pb_old_content":"","_et_gb_content_width":""},"categories":[91],"tags":[],"_links":{"self":[{"href":"https:\/\/imaxin.com\/gl\/wp-json\/wp\/v2\/posts\/3898"}],"collection":[{"href":"https:\/\/imaxin.com\/gl\/wp-json\/wp\/v2\/posts"}],"about":[{"href":"https:\/\/imaxin.com\/gl\/wp-json\/wp\/v2\/types\/post"}],"author":[{"embeddable":true,"href":"https:\/\/imaxin.com\/gl\/wp-json\/wp\/v2\/users\/1"}],"replies":[{"embeddable":true,"href":"https:\/\/imaxin.com\/gl\/wp-json\/wp\/v2\/comments?post=3898"}],"version-history":[{"count":16,"href":"https:\/\/imaxin.com\/gl\/wp-json\/wp\/v2\/posts\/3898\/revisions"}],"predecessor-version":[{"id":3951,"href":"https:\/\/imaxin.com\/gl\/wp-json\/wp\/v2\/posts\/3898\/revisions\/3951"}],"wp:featuredmedia":[{"embeddable":true,"href":"https:\/\/imaxin.com\/gl\/wp-json\/wp\/v2\/media\/3921"}],"wp:attachment":[{"href":"https:\/\/imaxin.com\/gl\/wp-json\/wp\/v2\/media?parent=3898"}],"wp:term":[{"taxonomy":"category","embeddable":true,"href":"https:\/\/imaxin.com\/gl\/wp-json\/wp\/v2\/categories?post=3898"},{"taxonomy":"post_tag","embeddable":true,"href":"https:\/\/imaxin.com\/gl\/wp-json\/wp\/v2\/tags?post=3898"}],"curies":[{"name":"wp","href":"https:\/\/api.w.org\/{rel}","templated":true}]}}